{"id":11867,"date":"2026-09-02T16:49:17","date_gmt":"2026-09-03T00:49:17","guid":{"rendered":"https:\/\/lamassu.mx\/?p=11867"},"modified":"2026-09-03T10:51:52","modified_gmt":"2026-09-03T18:51:52","slug":"causales-de-suspension-de-la-certificacion-iva-e-ieps","status":"publish","type":"post","link":"https:\/\/lamassu.mx\/en\/causales-de-suspension-de-la-certificacion-iva-e-ieps\/","title":{"rendered":"Causales de Suspensi\u00f3n de la Certificaci\u00f3n IVA e IEPS"},"content":{"rendered":"<figure class=\"wp-block-image size-full\"><img loading=\"lazy\" decoding=\"async\" width=\"800\" height=\"560\" src=\"https:\/\/lamassu.mx\/wp-content\/uploads\/2026\/09\/lamassu-544425313.jpg\" alt=\"\" class=\"wp-image-11868\" srcset=\"https:\/\/lamassu.mx\/wp-content\/uploads\/2026\/09\/lamassu-544425313.jpg 800w, https:\/\/lamassu.mx\/wp-content\/uploads\/2026\/09\/lamassu-544425313-300x210.jpg 300w, https:\/\/lamassu.mx\/wp-content\/uploads\/2026\/09\/lamassu-544425313-768x538.jpg 768w, https:\/\/lamassu.mx\/wp-content\/uploads\/2026\/09\/lamassu-544425313-18x12.jpg 18w\" sizes=\"auto, (max-width: 800px) 100vw, 800px\" \/><\/figure>\n\n\n\n<p class=\"wp-block-paragraph\"><\/p>\n\n\n\n<p class=\"wp-block-paragraph\">Contar con la Certificaci\u00f3n en Materia de Impuesto al Valor Agregado e Impuesto Especial sobre Producci\u00f3n y Servicios, otorga a las empresas con programa IMMEX, la posibilidad de aplicar un cr\u00e9dito fiscal del 100% sobre las importaciones temporales. Este beneficio libera flujo de efectivo cr\u00edtico, pero su continuidad est\u00e1 supeditada al cumplimiento estricto y permanente de un marco regulatorio riguroso supervisado por la Administraci\u00f3n General de Auditor\u00eda de Comercio Exterior (AGACE) del Servicio de Administraci\u00f3n Tributaria.<\/p>\n\n\n\n<p class=\"wp-block-paragraph\">La empresa que cuente con este beneficio debe acreditar diversos requisitos fiscales, aduaneros, y operativos.<\/p>\n\n\n\n<p class=\"wp-block-paragraph\">Entre los aspectos m\u00e1s relevantes se encuentran:<\/p>\n\n\n\n<ul class=\"wp-block-list\">\n<li>Encontrarse al corriente en el cumplimiento de obligaciones fiscales y aduaneras.<\/li>\n\n\n\n<li>Contar con personal y acreditar el cumplimiento de las obligaciones relacionadas con los trabajadores.<\/li>\n\n\n\n<li>Contar con controles de inventarios adecuados para las operaciones de comercio exterior.<\/li>\n\n\n\n<li>No encontrarse en determinados supuestos de incumplimiento fiscal.<\/li>\n\n\n\n<li>Cumplir con los requisitos espec\u00edficos correspondientes al r\u00e9gimen aduanero y al rubro solicitado.<\/li>\n<\/ul>\n\n\n\n<p class=\"wp-block-paragraph\">Por lo tanto, si una empresa deja de cumplir con los requisitos u obligaciones establecidos en las disposiciones aplicables, puede quedar sujeta a procedimientos de suspensi\u00f3n o, en determinados casos, cancelaci\u00f3n del registro. Esto es particularmente importante porque la p\u00e9rdida del beneficio puede tener un impacto financiero considerable.<\/p>\n\n\n\n<p class=\"wp-block-paragraph\"><strong>Principales Causales de Suspensi\u00f3n y Cancelaci\u00f3n<\/strong><\/p>\n\n\n\n<p class=\"wp-block-paragraph\"><strong>1. Control de Inventarios y Anexo 30 (SCCCG)<\/strong><\/p>\n\n\n\n<ul class=\"wp-block-list\">\n<li><strong>Inconsistencias en el saldo:<\/strong> Existencia de diferencias entre el inventario f\u00edsico real y los descargos reportados en el sistema de control.<\/li>\n\n\n\n<li><strong>Vencimiento de plazos de retorno:<\/strong> Mercanc\u00edas importadas temporalmente, y que estas hayan superado el plazo legal permitido sin haber sido retornadas, cambiadas de r\u00e9gimen o regularizadas.<\/li>\n\n\n\n<li><strong>Transmisi\u00f3n extempor\u00e1nea o incorrecta de descargos: <\/strong>No transmitir o reflejar err\u00f3neamente los pedimentos de retorno, cambios de r\u00e9gimen, constancias de transferencia o avisos de destrucci\u00f3n.<\/li>\n<\/ul>\n\n\n\n<p class=\"wp-block-paragraph\"><strong>2.<\/strong> <strong>Estatus Fiscal y Legal del Contribuyente<\/strong><\/p>\n\n\n\n<ul class=\"wp-block-list\">\n<li><strong>Listas Negras del CFF (Art\u00edculos 69 y 69-B): <\/strong>Encontrarse la empresa, sus socios, accionistas, representante legal o integrantes del consejo de administraci\u00f3n en los supuestos de empresas que facturan u operan operaciones simuladas (EFOS).<\/li>\n\n\n\n<li><strong>Opini\u00f3n de Cumplimiento Negativa:<\/strong> Contar con Opini\u00f3n del cumplimiento de obligaciones fiscales, en sentido negativa, o no estar al corriente en obligaciones ante el IMSS e INFONAVIT.<\/li>\n\n\n\n<li><strong>Domicilio e Instalaciones No Localizadas:<\/strong> Tener el domicilio fiscal o cualquiera de las plantas, bodegas y almacenes registrados en estatus de &#8220;No Localizado&#8221; por el SAT.<\/li>\n\n\n\n<li><strong>Inactivaci\u00f3n del Buz\u00f3n Tributario: <\/strong>No contar con los medios de contacto vigentes o actualizados en el Buz\u00f3n Tributario.<\/li>\n<\/ul>\n\n\n\n<p class=\"wp-block-paragraph\"><strong>3. Inconsistencias Operativas y Aduaneras<\/strong><\/p>\n\n\n\n<p class=\"wp-block-paragraph\"><strong>Cancelaci\u00f3n o Suspensi\u00f3n del Programa IMMEX:<\/strong> Si la Secretar\u00eda de Econom\u00eda suspende o cancela el Programa IMMEX (por ejemplo, por no presentar el Reporte Anual de Operaciones de Comercio Exterior), la Certificaci\u00f3n IVA e IEPS pierde autom\u00e1ticamente el sustento del r\u00e9gimen aduanero.<\/p>\n\n\n\n<p class=\"wp-block-paragraph\"><strong>Falta de Operaciones:<\/strong> No haber realizado operaciones de comercio exterior en un per\u00edodo superior a doce meses.<\/p>\n\n\n\n<p class=\"wp-block-paragraph\"><strong>Negativa a Recibir Visitas Domiciliarias:<\/strong> Negarle el acceso al personal de la autoridad para que realice la inspecci\u00f3n de supervisi\u00f3n de cumplimiento<\/p>\n\n\n\n<p class=\"wp-block-paragraph\">La autoridad aplica un procedimiento por etapas regulado principalmente en las reglas 7.2.2 y 7.2.4 de las RGCE, cuyos puntos torales son los siguientes:<\/p>\n\n\n\n<figure class=\"wp-block-table\"><table class=\"has-fixed-layout\"><tbody><tr><td>Etapa<\/td><td>Fundamento<\/td><\/tr><tr><td>Requerimiento de Informaci\u00f3n<\/td><td>Regla 7.2.2 \/ Plazo de 20 d\u00edas h\u00e1biles<\/td><\/tr><tr><td>Inicio de Procedimiento de Cancelaci\u00f3n \/ Suspensi\u00f3n<\/td><td>Regla 7.2.4 \/ Plazo de 10 d\u00edas para pruebas y alegatos<\/td><\/tr><tr><td>Resoluci\u00f3n de Cancelaci\u00f3n<\/td><td>Regla 7.2.4 \/ Hasta 4 meses para emitir la resoluci\u00f3n<\/td><\/tr><\/tbody><\/table><\/figure>\n\n\n\n<p class=\"wp-block-paragraph\"><strong>Conclusi\u00f3n:<\/strong><\/p>\n\n\n\n<p class=\"wp-block-paragraph\">Por lo anterior, para garantizar la permanencia de la Certificaci\u00f3n IVA e IEPS, se recomienda llevar una adecuada coordinaci\u00f3n entre las \u00e1reas fiscal, aduanera y contable, as\u00ed como realizar constantemente auditor\u00edas preventivas, implementando cruces de informaci\u00f3n mensuales entre el control de inventarios de la empresa y la plataforma del SAT, esto con la finalidad de identificar y corregir internamente las inconsistencias antes de que estas se conviertan en un requerimiento por parte de la Autoridad o en una posible causal de cancelaci\u00f3n.<\/p>","protected":false},"excerpt":{"rendered":"<p>Contar con la Certificaci\u00f3n en Materia de Impuesto al Valor Agregado e Impuesto Especial sobre Producci\u00f3n y Servicios, otorga a las empresas con programa IMMEX, la posibilidad de aplicar un cr\u00e9dito fiscal del 100% sobre las importaciones temporales. Este beneficio libera flujo de efectivo cr\u00edtico, pero su continuidad est\u00e1 supeditada al cumplimiento estricto y permanente [&hellip;]<\/p>\n","protected":false},"author":5,"featured_media":11868,"comment_status":"open","ping_status":"open","sticky":false,"template":"","format":"standard","meta":{"content-type":"","footnotes":""},"categories":[2,43,1],"tags":[],"class_list":["post-11867","post","type-post","status-publish","format-standard","has-post-thumbnail","hentry","category-blog","category-noticias","category-sin-categoria"],"yoast_head":"<!-- This site is optimized with the Yoast SEO plugin v28.3 - https:\/\/yoast.com\/product\/yoast-seo-wordpress\/ -->\n<title>Causales de Suspensi\u00f3n de la Certificaci\u00f3n IVA e IEPS - Lamassu<\/title>\n<meta name=\"robots\" content=\"index, follow, max-snippet:-1, max-image-preview:large, max-video-preview:-1\" \/>\n<link rel=\"canonical\" href=\"https:\/\/lamassu.mx\/en\/causales-de-suspension-de-la-certificacion-iva-e-ieps\/\" \/>\n<meta property=\"og:locale\" content=\"en_US\" \/>\n<meta property=\"og:type\" content=\"article\" \/>\n<meta property=\"og:title\" content=\"Causales de Suspensi\u00f3n de la Certificaci\u00f3n IVA e IEPS - Lamassu\" \/>\n<meta property=\"og:description\" content=\"Contar con la Certificaci\u00f3n en Materia de Impuesto al Valor Agregado e Impuesto Especial sobre Producci\u00f3n y Servicios, otorga a las empresas con programa IMMEX, la posibilidad de aplicar un cr\u00e9dito fiscal del 100% sobre las importaciones temporales. Este beneficio libera flujo de efectivo cr\u00edtico, pero su continuidad est\u00e1 supeditada al cumplimiento estricto y permanente [&hellip;]\" \/>\n<meta property=\"og:url\" content=\"https:\/\/lamassu.mx\/en\/causales-de-suspension-de-la-certificacion-iva-e-ieps\/\" \/>\n<meta property=\"og:site_name\" content=\"Lamassu\" \/>\n<meta property=\"article:published_time\" content=\"2026-09-03T00:49:17+00:00\" \/>\n<meta property=\"article:modified_time\" content=\"2026-09-03T18:51:52+00:00\" \/>\n<meta property=\"og:image\" content=\"https:\/\/lamassu.mx\/wp-content\/uploads\/2026\/09\/lamassu-544425313.jpg\" \/>\n\t<meta property=\"og:image:width\" content=\"800\" \/>\n\t<meta property=\"og:image:height\" content=\"560\" \/>\n\t<meta property=\"og:image:type\" content=\"image\/jpeg\" \/>\n<meta name=\"author\" content=\"Victor AVI\u00d1A\" \/>\n<meta name=\"twitter:card\" content=\"summary_large_image\" \/>\n<meta name=\"twitter:label1\" content=\"Written by\" \/>\n\t<meta name=\"twitter:data1\" content=\"Victor AVI\u00d1A\" \/>\n\t<meta name=\"twitter:label2\" content=\"Est. reading time\" \/>\n\t<meta name=\"twitter:data2\" content=\"4 minutes\" \/>\n<script type=\"application\/ld+json\" class=\"yoast-schema-graph\">{\"@context\":\"https:\\\/\\\/schema.org\",\"@graph\":[{\"@type\":\"Article\",\"@id\":\"https:\\\/\\\/lamassu.mx\\\/causales-de-suspension-de-la-certificacion-iva-e-ieps\\\/#article\",\"isPartOf\":{\"@id\":\"https:\\\/\\\/lamassu.mx\\\/causales-de-suspension-de-la-certificacion-iva-e-ieps\\\/\"},\"author\":{\"name\":\"Victor AVI\u00d1A\",\"@id\":\"https:\\\/\\\/lamassu.mx\\\/#\\\/schema\\\/person\\\/46002b08c04b2f6d06dedffa51826571\"},\"headline\":\"Causales de Suspensi\u00f3n de la Certificaci\u00f3n IVA e IEPS\",\"datePublished\":\"2026-09-03T00:49:17+00:00\",\"dateModified\":\"2026-09-03T18:51:52+00:00\",\"mainEntityOfPage\":{\"@id\":\"https:\\\/\\\/lamassu.mx\\\/causales-de-suspension-de-la-certificacion-iva-e-ieps\\\/\"},\"wordCount\":687,\"commentCount\":0,\"image\":{\"@id\":\"https:\\\/\\\/lamassu.mx\\\/causales-de-suspension-de-la-certificacion-iva-e-ieps\\\/#primaryimage\"},\"thumbnailUrl\":\"https:\\\/\\\/lamassu.mx\\\/wp-content\\\/uploads\\\/2026\\\/09\\\/lamassu-544425313.jpg\",\"articleSection\":[\"Blog\",\"Noticias\",\"Sin categor\u00eda\"],\"inLanguage\":\"en-US\",\"potentialAction\":[{\"@type\":\"CommentAction\",\"name\":\"Comment\",\"target\":[\"https:\\\/\\\/lamassu.mx\\\/causales-de-suspension-de-la-certificacion-iva-e-ieps\\\/#respond\"]}]},{\"@type\":\"WebPage\",\"@id\":\"https:\\\/\\\/lamassu.mx\\\/causales-de-suspension-de-la-certificacion-iva-e-ieps\\\/\",\"url\":\"https:\\\/\\\/lamassu.mx\\\/causales-de-suspension-de-la-certificacion-iva-e-ieps\\\/\",\"name\":\"Causales de Suspensi\u00f3n de la Certificaci\u00f3n IVA e IEPS - Lamassu\",\"isPartOf\":{\"@id\":\"https:\\\/\\\/lamassu.mx\\\/#website\"},\"primaryImageOfPage\":{\"@id\":\"https:\\\/\\\/lamassu.mx\\\/causales-de-suspension-de-la-certificacion-iva-e-ieps\\\/#primaryimage\"},\"image\":{\"@id\":\"https:\\\/\\\/lamassu.mx\\\/causales-de-suspension-de-la-certificacion-iva-e-ieps\\\/#primaryimage\"},\"thumbnailUrl\":\"https:\\\/\\\/lamassu.mx\\\/wp-content\\\/uploads\\\/2026\\\/09\\\/lamassu-544425313.jpg\",\"datePublished\":\"2026-09-03T00:49:17+00:00\",\"dateModified\":\"2026-09-03T18:51:52+00:00\",\"author\":{\"@id\":\"https:\\\/\\\/lamassu.mx\\\/#\\\/schema\\\/person\\\/46002b08c04b2f6d06dedffa51826571\"},\"breadcrumb\":{\"@id\":\"https:\\\/\\\/lamassu.mx\\\/causales-de-suspension-de-la-certificacion-iva-e-ieps\\\/#breadcrumb\"},\"inLanguage\":\"en-US\",\"potentialAction\":[{\"@type\":\"ReadAction\",\"target\":[\"https:\\\/\\\/lamassu.mx\\\/causales-de-suspension-de-la-certificacion-iva-e-ieps\\\/\"]}]},{\"@type\":\"ImageObject\",\"inLanguage\":\"en-US\",\"@id\":\"https:\\\/\\\/lamassu.mx\\\/causales-de-suspension-de-la-certificacion-iva-e-ieps\\\/#primaryimage\",\"url\":\"https:\\\/\\\/lamassu.mx\\\/wp-content\\\/uploads\\\/2026\\\/09\\\/lamassu-544425313.jpg\",\"contentUrl\":\"https:\\\/\\\/lamassu.mx\\\/wp-content\\\/uploads\\\/2026\\\/09\\\/lamassu-544425313.jpg\",\"width\":800,\"height\":560},{\"@type\":\"BreadcrumbList\",\"@id\":\"https:\\\/\\\/lamassu.mx\\\/causales-de-suspension-de-la-certificacion-iva-e-ieps\\\/#breadcrumb\",\"itemListElement\":[{\"@type\":\"ListItem\",\"position\":1,\"name\":\"Inicio\",\"item\":\"https:\\\/\\\/lamassu.mx\\\/\"},{\"@type\":\"ListItem\",\"position\":2,\"name\":\"Causales de Suspensi\u00f3n de la Certificaci\u00f3n IVA e IEPS\"}]},{\"@type\":\"WebSite\",\"@id\":\"https:\\\/\\\/lamassu.mx\\\/#website\",\"url\":\"https:\\\/\\\/lamassu.mx\\\/\",\"name\":\"Lamassu\",\"description\":\"Abogados y Contadores\",\"potentialAction\":[{\"@type\":\"SearchAction\",\"target\":{\"@type\":\"EntryPoint\",\"urlTemplate\":\"https:\\\/\\\/lamassu.mx\\\/?s={search_term_string}\"},\"query-input\":{\"@type\":\"PropertyValueSpecification\",\"valueRequired\":true,\"valueName\":\"search_term_string\"}}],\"inLanguage\":\"en-US\"},{\"@type\":\"Person\",\"@id\":\"https:\\\/\\\/lamassu.mx\\\/#\\\/schema\\\/person\\\/46002b08c04b2f6d06dedffa51826571\",\"name\":\"Victor AVI\u00d1A\",\"image\":{\"@type\":\"ImageObject\",\"inLanguage\":\"en-US\",\"@id\":\"https:\\\/\\\/secure.gravatar.com\\\/avatar\\\/f09689fb195c808f7c30df860dba979a857307c23cdff51825c8ed48c4ef1368?s=96&d=mm&r=g\",\"url\":\"https:\\\/\\\/secure.gravatar.com\\\/avatar\\\/f09689fb195c808f7c30df860dba979a857307c23cdff51825c8ed48c4ef1368?s=96&d=mm&r=g\",\"contentUrl\":\"https:\\\/\\\/secure.gravatar.com\\\/avatar\\\/f09689fb195c808f7c30df860dba979a857307c23cdff51825c8ed48c4ef1368?s=96&d=mm&r=g\",\"caption\":\"Victor AVI\u00d1A\"},\"url\":\"https:\\\/\\\/lamassu.mx\\\/en\\\/author\\\/victor-a\\\/\"}]}<\/script>\n<!-- \/ Yoast SEO plugin. -->","yoast_head_json":{"title":"Causales de Suspensi\u00f3n de la Certificaci\u00f3n IVA e IEPS - Lamassu","robots":{"index":"index","follow":"follow","max-snippet":"max-snippet:-1","max-image-preview":"max-image-preview:large","max-video-preview":"max-video-preview:-1"},"canonical":"https:\/\/lamassu.mx\/en\/causales-de-suspension-de-la-certificacion-iva-e-ieps\/","og_locale":"en_US","og_type":"article","og_title":"Causales de Suspensi\u00f3n de la Certificaci\u00f3n IVA e IEPS - Lamassu","og_description":"Contar con la Certificaci\u00f3n en Materia de Impuesto al Valor Agregado e Impuesto Especial sobre Producci\u00f3n y Servicios, otorga a las empresas con programa IMMEX, la posibilidad de aplicar un cr\u00e9dito fiscal del 100% sobre las importaciones temporales. Este beneficio libera flujo de efectivo cr\u00edtico, pero su continuidad est\u00e1 supeditada al cumplimiento estricto y permanente [&hellip;]","og_url":"https:\/\/lamassu.mx\/en\/causales-de-suspension-de-la-certificacion-iva-e-ieps\/","og_site_name":"Lamassu","article_published_time":"2026-09-03T00:49:17+00:00","article_modified_time":"2026-09-03T18:51:52+00:00","og_image":[{"width":800,"height":560,"url":"https:\/\/lamassu.mx\/wp-content\/uploads\/2026\/09\/lamassu-544425313.jpg","type":"image\/jpeg"}],"author":"Victor AVI\u00d1A","twitter_card":"summary_large_image","twitter_misc":{"Written by":"Victor AVI\u00d1A","Est. reading time":"4 minutes"},"schema":{"@context":"https:\/\/schema.org","@graph":[{"@type":"Article","@id":"https:\/\/lamassu.mx\/causales-de-suspension-de-la-certificacion-iva-e-ieps\/#article","isPartOf":{"@id":"https:\/\/lamassu.mx\/causales-de-suspension-de-la-certificacion-iva-e-ieps\/"},"author":{"name":"Victor AVI\u00d1A","@id":"https:\/\/lamassu.mx\/#\/schema\/person\/46002b08c04b2f6d06dedffa51826571"},"headline":"Causales de Suspensi\u00f3n de la Certificaci\u00f3n IVA e IEPS","datePublished":"2026-09-03T00:49:17+00:00","dateModified":"2026-09-03T18:51:52+00:00","mainEntityOfPage":{"@id":"https:\/\/lamassu.mx\/causales-de-suspension-de-la-certificacion-iva-e-ieps\/"},"wordCount":687,"commentCount":0,"image":{"@id":"https:\/\/lamassu.mx\/causales-de-suspension-de-la-certificacion-iva-e-ieps\/#primaryimage"},"thumbnailUrl":"https:\/\/lamassu.mx\/wp-content\/uploads\/2026\/09\/lamassu-544425313.jpg","articleSection":["Blog","Noticias","Sin categor\u00eda"],"inLanguage":"en-US","potentialAction":[{"@type":"CommentAction","name":"Comment","target":["https:\/\/lamassu.mx\/causales-de-suspension-de-la-certificacion-iva-e-ieps\/#respond"]}]},{"@type":"WebPage","@id":"https:\/\/lamassu.mx\/causales-de-suspension-de-la-certificacion-iva-e-ieps\/","url":"https:\/\/lamassu.mx\/causales-de-suspension-de-la-certificacion-iva-e-ieps\/","name":"Causales de Suspensi\u00f3n de la Certificaci\u00f3n IVA e IEPS - Lamassu","isPartOf":{"@id":"https:\/\/lamassu.mx\/#website"},"primaryImageOfPage":{"@id":"https:\/\/lamassu.mx\/causales-de-suspension-de-la-certificacion-iva-e-ieps\/#primaryimage"},"image":{"@id":"https:\/\/lamassu.mx\/causales-de-suspension-de-la-certificacion-iva-e-ieps\/#primaryimage"},"thumbnailUrl":"https:\/\/lamassu.mx\/wp-content\/uploads\/2026\/09\/lamassu-544425313.jpg","datePublished":"2026-09-03T00:49:17+00:00","dateModified":"2026-09-03T18:51:52+00:00","author":{"@id":"https:\/\/lamassu.mx\/#\/schema\/person\/46002b08c04b2f6d06dedffa51826571"},"breadcrumb":{"@id":"https:\/\/lamassu.mx\/causales-de-suspension-de-la-certificacion-iva-e-ieps\/#breadcrumb"},"inLanguage":"en-US","potentialAction":[{"@type":"ReadAction","target":["https:\/\/lamassu.mx\/causales-de-suspension-de-la-certificacion-iva-e-ieps\/"]}]},{"@type":"ImageObject","inLanguage":"en-US","@id":"https:\/\/lamassu.mx\/causales-de-suspension-de-la-certificacion-iva-e-ieps\/#primaryimage","url":"https:\/\/lamassu.mx\/wp-content\/uploads\/2026\/09\/lamassu-544425313.jpg","contentUrl":"https:\/\/lamassu.mx\/wp-content\/uploads\/2026\/09\/lamassu-544425313.jpg","width":800,"height":560},{"@type":"BreadcrumbList","@id":"https:\/\/lamassu.mx\/causales-de-suspension-de-la-certificacion-iva-e-ieps\/#breadcrumb","itemListElement":[{"@type":"ListItem","position":1,"name":"Inicio","item":"https:\/\/lamassu.mx\/"},{"@type":"ListItem","position":2,"name":"Causales de Suspensi\u00f3n de la Certificaci\u00f3n IVA e IEPS"}]},{"@type":"WebSite","@id":"https:\/\/lamassu.mx\/#website","url":"https:\/\/lamassu.mx\/","name":"Lamassu","description":"Abogados y Contadores","potentialAction":[{"@type":"SearchAction","target":{"@type":"EntryPoint","urlTemplate":"https:\/\/lamassu.mx\/?s={search_term_string}"},"query-input":{"@type":"PropertyValueSpecification","valueRequired":true,"valueName":"search_term_string"}}],"inLanguage":"en-US"},{"@type":"Person","@id":"https:\/\/lamassu.mx\/#\/schema\/person\/46002b08c04b2f6d06dedffa51826571","name":"Victor AVI\u00d1A","image":{"@type":"ImageObject","inLanguage":"en-US","@id":"https:\/\/secure.gravatar.com\/avatar\/f09689fb195c808f7c30df860dba979a857307c23cdff51825c8ed48c4ef1368?s=96&d=mm&r=g","url":"https:\/\/secure.gravatar.com\/avatar\/f09689fb195c808f7c30df860dba979a857307c23cdff51825c8ed48c4ef1368?s=96&d=mm&r=g","contentUrl":"https:\/\/secure.gravatar.com\/avatar\/f09689fb195c808f7c30df860dba979a857307c23cdff51825c8ed48c4ef1368?s=96&d=mm&r=g","caption":"Victor AVI\u00d1A"},"url":"https:\/\/lamassu.mx\/en\/author\/victor-a\/"}]}},"_links":{"self":[{"href":"https:\/\/lamassu.mx\/en\/wp-json\/wp\/v2\/posts\/11867","targetHints":{"allow":["GET"]}}],"collection":[{"href":"https:\/\/lamassu.mx\/en\/wp-json\/wp\/v2\/posts"}],"about":[{"href":"https:\/\/lamassu.mx\/en\/wp-json\/wp\/v2\/types\/post"}],"author":[{"embeddable":true,"href":"https:\/\/lamassu.mx\/en\/wp-json\/wp\/v2\/users\/5"}],"replies":[{"embeddable":true,"href":"https:\/\/lamassu.mx\/en\/wp-json\/wp\/v2\/comments?post=11867"}],"version-history":[{"count":5,"href":"https:\/\/lamassu.mx\/en\/wp-json\/wp\/v2\/posts\/11867\/revisions"}],"predecessor-version":[{"id":11877,"href":"https:\/\/lamassu.mx\/en\/wp-json\/wp\/v2\/posts\/11867\/revisions\/11877"}],"wp:featuredmedia":[{"embeddable":true,"href":"https:\/\/lamassu.mx\/en\/wp-json\/wp\/v2\/media\/11868"}],"wp:attachment":[{"href":"https:\/\/lamassu.mx\/en\/wp-json\/wp\/v2\/media?parent=11867"}],"wp:term":[{"taxonomy":"category","embeddable":true,"href":"https:\/\/lamassu.mx\/en\/wp-json\/wp\/v2\/categories?post=11867"},{"taxonomy":"post_tag","embeddable":true,"href":"https:\/\/lamassu.mx\/en\/wp-json\/wp\/v2\/tags?post=11867"}],"curies":[{"name":"wp","href":"https:\/\/api.w.org\/{rel}","templated":true}]}}