{"id":7993,"date":"2023-02-08T23:16:17","date_gmt":"2023-02-08T23:16:17","guid":{"rendered":"https:\/\/lamassu.mx\/?p=7993"},"modified":"2026-04-18T11:07:18","modified_gmt":"2026-04-18T19:07:18","slug":"producto-interno-bruto-pib-en-mexico-2022-y-para-2023","status":"publish","type":"post","link":"https:\/\/lamassu.mx\/en\/producto-interno-bruto-pib-en-mexico-2022-y-para-2023\/","title":{"rendered":"Producto Interno Bruto (PIB) en M\u00e9xico 2022, y para 2023?"},"content":{"rendered":"<p class=\"has-black-color has-text-color wp-block-paragraph\" style=\"font-size:18px\">Como es habitual a inicios de un a\u00f1o nuevo en M\u00e9xico al igual que en muchos otros pa\u00edses, se da a conocer el crecimiento de la econom\u00eda, se hace\u00a0 a trav\u00e9s del c\u00e1lculo del Producto Interno Bruto, PIB.\u00a0 De acuerdo con las cifras del Instituto Nacional de Estad\u00edstica y Geograf\u00eda (INEGI) al cierre de 2022 la econom\u00eda mexicana creci\u00f3 3.0% respecto a 2021. Por sectores, las actividades industriales fueron las que mas crecieron en 2022, con un aumento del 3,2% anual, mientras que las labores agropecuarias registraron un crecimiento de 2,8%. El sector de servicios creci\u00f3 2,7% en comparaci\u00f3n a 2021.\u00a0<\/p>\n\n\n\n<p class=\"has-black-color has-text-color wp-block-paragraph\" style=\"font-size:18px\">La econom\u00eda de nuestro pa\u00eds alcanza un tama\u00f1o similar al que ten\u00eda al tercer trimestre de 2019, antes de la pandemia, todo lo cual es una buena noticia, sin embargo es necesario tomar en cuenta otros hechos.<\/p>\n\n\n\n<p class=\"has-black-color has-text-color wp-block-paragraph\" style=\"font-size:30px\">\u00bfQu\u00e9 es el PIB?&nbsp;<\/p>\n\n\n\n<p class=\"has-black-color has-text-color wp-block-paragraph\" style=\"font-size:18px\">Antes de tratar de entender lo que realmente es este crecimiento econ\u00f3mico del pa\u00eds, entendamos lo qu\u00e9 es el PIB: Es el valor monetario de los bienes y servicios finales \u2014es decir, los que adquiere el consumidor final\u2014 producidos por un pa\u00eds en un per\u00edodo determinado (por ejemplo, un trimestre o un a\u00f1o), y considera y cuenta todo el producto generado. Abarca los bienes y servicios producidos para la venta en el mercado.<\/p>\n\n\n\n<p class=\"wp-block-paragraph\" style=\"font-size:30px\">\u00bfQu\u00e9 tan real es nuestro crecimiento?<\/p>\n\n\n\n<p class=\"has-black-color has-text-color wp-block-paragraph\" style=\"font-size:18px\">Repasamos el comportamiento del PIB en los a\u00f1os del actual gobierno:<\/p>\n\n\n\n<p class=\"has-black-color has-text-color wp-block-paragraph\" style=\"font-size:18px\">2019: (- 0.2)% Previo a la pandemia.<\/p>\n\n\n\n<p class=\"has-black-color has-text-color wp-block-paragraph\" style=\"font-size:18px\">2020: (-8) % &nbsp; En plena pandemia<\/p>\n\n\n\n<p class=\"has-black-color has-text-color wp-block-paragraph\" style=\"font-size:18px\"><strong>&nbsp;&nbsp;&nbsp;&nbsp;&nbsp;&nbsp;&nbsp;&nbsp;&nbsp;&nbsp;&nbsp;&nbsp;&nbsp;&nbsp;Total de ambos a\u00f1os<\/strong>: (-8.2)%<\/p>\n\n\n\n<p class=\"has-black-color has-text-color wp-block-paragraph\" style=\"font-size:18px\">2021:&nbsp; 4.7%&nbsp;<\/p>\n\n\n\n<p class=\"has-black-color has-text-color wp-block-paragraph\" style=\"font-size:18px\">2022:&nbsp; 3.0% (Se desacelera)<\/p>\n\n\n\n<p class=\"has-black-color has-text-color wp-block-paragraph\" style=\"font-size:18px\">&nbsp;&nbsp;&nbsp;&nbsp;&nbsp;&nbsp;&nbsp;&nbsp;&nbsp;&nbsp;&nbsp;&nbsp;&nbsp;&nbsp;Total: &nbsp;7.7%&nbsp;<\/p>\n\n\n\n<p class=\"has-black-color has-text-color wp-block-paragraph\" style=\"font-size:18px\">El crecimiento del PIB en 2018 fue de 2.2%<\/p>\n\n\n\n<p class=\"has-black-color has-text-color wp-block-paragraph\" style=\"font-size:18px\">Como se puede observar a\u00fan no recuperamos el PIB de 2018, \u00faltimos 12 meses del gobierno anterior, sigue estando por debajo de los niveles de ese a\u00f1o.<\/p>\n\n\n\n<p class=\"has-black-color has-text-color wp-block-paragraph\" style=\"font-size:30px\">&nbsp;\u00bfHay desaceleraci\u00f3n de la econom\u00eda?&nbsp;<\/p>\n\n\n\n<p class=\"wp-block-paragraph\"><strong>2022<\/strong><\/p>\n\n\n\n<p class=\"has-black-color has-text-color wp-block-paragraph\" style=\"font-size:18px\">1o trimestre 1.23%<\/p>\n\n\n\n<p class=\"has-black-color has-text-color wp-block-paragraph\" style=\"font-size:18px\">2o Trimestre 1.1%<\/p>\n\n\n\n<p class=\"has-black-color has-text-color wp-block-paragraph\" style=\"font-size:18px\">3o trimestre 0.89%<\/p>\n\n\n\n<p class=\"has-black-color has-text-color wp-block-paragraph\" style=\"font-size:18px\">4o trimestre 0.4%<\/p>\n\n\n\n<p class=\"has-black-color has-text-color wp-block-paragraph\" style=\"font-size:18px\">Esta desaceleraci\u00f3n, que se fue presentando trimestre a trimestre, refleja el impacto de la alta inflaci\u00f3n en la capacidad de pago de las familias, las condiciones financieras m\u00e1s estrictas y el debilitamiento de las exportaciones.<\/p>\n\n\n\n<p class=\"has-black-color has-text-color wp-block-paragraph\" style=\"font-size:18px\">A\u00fan con los&nbsp; trimestres consecutivos de datos positivos, la tendencia es claramente a la baja; asimismo explican que el flujo de remesas, con sus m\u00e1ximos hist\u00f3ricos, m\u00e1s las transferencias monetarias del gobierno ayudaron a sostener el consumo familiar y por ello la demanda de servicios.<\/p>\n\n\n\n<h2 class=\"wp-block-heading\" style=\"font-size:30px\"><strong>\u00bfA d\u00f3nde se dirige la econom\u00eda en 2023?<\/strong><\/h2>\n\n\n\n<p class=\"has-black-color has-text-color wp-block-paragraph\" style=\"font-size:18px\">Para este 2023, las expectativas del mercado apuntan a una desaceleraci\u00f3n del crecimiento, el cual estar\u00eda en un rango de 0.3 por ciento a 1.8 por ciento, con una estimaci\u00f3n promedio de 0.9 por ciento, de acuerdo con la encuesta m\u00e1s reciente de Citibanamex.<\/p>\n\n\n\n<h2 class=\"has-black-color has-text-color wp-block-heading\" style=\"font-size:18px\"><\/h2>\n\n\n\n<p class=\"has-black-color has-text-color wp-block-paragraph\" style=\"font-size:18px\">En el Banco Mundial tambi\u00e9n tienen la estimaci\u00f3n de un crecimiento de 0.9 por ciento este a\u00f1o; mientras que el Fondo Monetario Internacional ve un avance de 1.7 por ciento. Sin embargo, desde Hacienda tienen un pron\u00f3stico optimista, cuyo repunte ser\u00eda de 3.0 por ciento.<\/p>\n\n\n\n<p class=\"has-black-color has-text-color wp-block-paragraph\" style=\"font-size:18px\">Para <a href=\"https:\/\/www.bancobase.com\/\"><strong>Banco Base<\/strong><\/a>, la <strong>econom\u00eda mexicana<\/strong> enfrenta en este a\u00f1o diversos riesgos y entre los principales la desaceleraci\u00f3n econ\u00f3mica esperada de EU, y la elevada inflaci\u00f3n, principalmente en precios del sector servicios y la continuidad de riesgos al alza durante el a\u00f1o, lo que pone en riesgo el crecimiento del consumo.<\/p>\n\n\n\n<p class=\"has-black-color has-text-color wp-block-paragraph\" style=\"font-size:18px\">En este a\u00f1o impera la cautela sobre el ritmo que puede tomar la econom\u00eda en los siguientes meses y est\u00e1 en debate la posibilidad de una posible recesi\u00f3n que, de concretarse se dar\u00eda a finales del a\u00f1o, principalmente por un menor dinamismo en EU.<\/p>\n\n\n\n<p class=\"wp-block-paragraph\" style=\"font-size:30px\">Por \u00faltimo&nbsp;&nbsp;<\/p>\n\n\n\n<p class=\"has-black-color has-text-color wp-block-paragraph\" style=\"font-size:18px\">Es importante comprender qu\u00e9 es lo que el PIB no nos dice. No es un indicador del nivel de vida ni del bienestar general de un pa\u00eds. Aunque se apliquen las variaciones de la producci\u00f3n de bienes y servicios por persona, <strong>el PIB per c\u00e1pita<\/strong>, para determinar si el ciudadano promedio de un pa\u00eds est\u00e1 mejor o peor, en nuestro pa\u00eds ha disminuido. En el c\u00e1lculo del PIB\u00a0 no se ven variables que pueden ser importantes para el bienestar general.\u00a0\u00a0<\/p>\n\n\n\n<p class=\"has-black-color has-text-color wp-block-paragraph\" style=\"font-size:18px\">Ejemplo de lo anterior, la producci\u00f3n puede aumentar destruyendo el medio ambiente o acarrear otros costos externos como el ruido, o puede restar tiempo de ocio o agotar recursos naturales no renovables. La calidad de vida tambi\u00e9n <strong>puede depender de la distribuci\u00f3n del PIB entre los residentes<\/strong> de un pa\u00eds, no solo del nivel global.&nbsp;<\/p>\n\n\n\n<p class=\"has-black-color has-text-color wp-block-paragraph\" style=\"font-size:18px\">Para tener en cuenta esos factores, las Naciones Unidas elaboran un <strong>\u00cdndice de Desarrollo Humano<\/strong> que clasifica los pa\u00edses no solo en base al PIB per c\u00e1pita, sino tambi\u00e9n a otros factores como la esperanza de vida, la alfabetizaci\u00f3n y la matr\u00edcula escolar.&nbsp; Si ordenamos los pa\u00edses en funci\u00f3n de su<strong> \u00cdndice de desarrollo humano, M\u00e9xico se encuentra en el puesto 86, de 189 pa\u00edses,<\/strong> del ranking de desarrollo humano (IDH). En 2021 el <strong>\u00edndice de desarrollo humano<\/strong> (IDH) en <a href=\"https:\/\/datosmacro.expansion.com\/paises\/mexico\">M\u00e9xico<\/a> fue 0,758 puntos<\/p>","protected":false},"excerpt":{"rendered":"<p>Como es habitual a inicios de un a\u00f1o nuevo en M\u00e9xico al igual que en muchos otros pa\u00edses, se da a conocer el crecimiento de la econom\u00eda, se hace\u00a0 a trav\u00e9s del c\u00e1lculo del Producto Interno Bruto, PIB.\u00a0 De acuerdo con las cifras del Instituto Nacional de Estad\u00edstica y Geograf\u00eda (INEGI) al cierre de 2022 [&hellip;]<\/p>\n","protected":false},"author":2,"featured_media":11690,"comment_status":"open","ping_status":"open","sticky":false,"template":"","format":"standard","meta":{"content-type":"","footnotes":""},"categories":[2],"tags":[],"class_list":["post-7993","post","type-post","status-publish","format-standard","has-post-thumbnail","hentry","category-blog"],"yoast_head":"<!-- This site is optimized with the Yoast SEO plugin v28.3 - https:\/\/yoast.com\/product\/yoast-seo-wordpress\/ -->\n<title>Producto Interno Bruto (PIB) en M\u00e9xico 2022, y para 2023? - Lamassu<\/title>\n<meta name=\"robots\" content=\"index, follow, max-snippet:-1, max-image-preview:large, max-video-preview:-1\" \/>\n<link rel=\"canonical\" href=\"https:\/\/lamassu.mx\/en\/producto-interno-bruto-pib-en-mexico-2022-y-para-2023\/\" \/>\n<meta property=\"og:locale\" content=\"en_US\" \/>\n<meta property=\"og:type\" content=\"article\" \/>\n<meta property=\"og:title\" content=\"Producto Interno Bruto (PIB) en M\u00e9xico 2022, y para 2023? - Lamassu\" \/>\n<meta property=\"og:description\" content=\"Como es habitual a inicios de un a\u00f1o nuevo en M\u00e9xico al igual que en muchos otros pa\u00edses, se da a conocer el crecimiento de la econom\u00eda, se hace\u00a0 a trav\u00e9s del c\u00e1lculo del Producto Interno Bruto, PIB.\u00a0 De acuerdo con las cifras del Instituto Nacional de Estad\u00edstica y Geograf\u00eda (INEGI) al cierre de 2022 [&hellip;]\" \/>\n<meta property=\"og:url\" content=\"https:\/\/lamassu.mx\/en\/producto-interno-bruto-pib-en-mexico-2022-y-para-2023\/\" \/>\n<meta property=\"og:site_name\" content=\"Lamassu\" \/>\n<meta property=\"article:published_time\" content=\"2023-02-08T23:16:17+00:00\" \/>\n<meta property=\"article:modified_time\" content=\"2026-04-18T19:07:18+00:00\" \/>\n<meta property=\"og:image\" content=\"https:\/\/lamassu.mx\/wp-content\/uploads\/2023\/02\/lamassu-8937759.jpg\" \/>\n\t<meta property=\"og:image:width\" content=\"800\" \/>\n\t<meta property=\"og:image:height\" content=\"560\" \/>\n\t<meta property=\"og:image:type\" content=\"image\/jpeg\" \/>\n<meta name=\"author\" content=\"Jorge Guzman\" \/>\n<meta name=\"twitter:card\" content=\"summary_large_image\" \/>\n<meta name=\"twitter:label1\" content=\"Written by\" \/>\n\t<meta name=\"twitter:data1\" content=\"Jorge Guzman\" \/>\n\t<meta name=\"twitter:label2\" content=\"Est. reading time\" \/>\n\t<meta name=\"twitter:data2\" content=\"4 minutes\" \/>\n<script type=\"application\/ld+json\" class=\"yoast-schema-graph\">{\"@context\":\"https:\\\/\\\/schema.org\",\"@graph\":[{\"@type\":\"Article\",\"@id\":\"https:\\\/\\\/lamassu.mx\\\/producto-interno-bruto-pib-en-mexico-2022-y-para-2023\\\/#article\",\"isPartOf\":{\"@id\":\"https:\\\/\\\/lamassu.mx\\\/producto-interno-bruto-pib-en-mexico-2022-y-para-2023\\\/\"},\"author\":{\"name\":\"Jorge Guzman\",\"@id\":\"https:\\\/\\\/lamassu.mx\\\/#\\\/schema\\\/person\\\/7d865ea0e72f2244b22bf8265fb74f14\"},\"headline\":\"Producto Interno Bruto (PIB) en M\u00e9xico 2022, y para 2023?\",\"datePublished\":\"2023-02-08T23:16:17+00:00\",\"dateModified\":\"2026-04-18T19:07:18+00:00\",\"mainEntityOfPage\":{\"@id\":\"https:\\\/\\\/lamassu.mx\\\/producto-interno-bruto-pib-en-mexico-2022-y-para-2023\\\/\"},\"wordCount\":891,\"commentCount\":0,\"image\":{\"@id\":\"https:\\\/\\\/lamassu.mx\\\/producto-interno-bruto-pib-en-mexico-2022-y-para-2023\\\/#primaryimage\"},\"thumbnailUrl\":\"https:\\\/\\\/lamassu.mx\\\/wp-content\\\/uploads\\\/2023\\\/02\\\/lamassu-8937759.jpg\",\"articleSection\":[\"Blog\"],\"inLanguage\":\"en-US\",\"potentialAction\":[{\"@type\":\"CommentAction\",\"name\":\"Comment\",\"target\":[\"https:\\\/\\\/lamassu.mx\\\/producto-interno-bruto-pib-en-mexico-2022-y-para-2023\\\/#respond\"]}]},{\"@type\":\"WebPage\",\"@id\":\"https:\\\/\\\/lamassu.mx\\\/producto-interno-bruto-pib-en-mexico-2022-y-para-2023\\\/\",\"url\":\"https:\\\/\\\/lamassu.mx\\\/producto-interno-bruto-pib-en-mexico-2022-y-para-2023\\\/\",\"name\":\"Producto Interno Bruto (PIB) en M\u00e9xico 2022, y para 2023? - Lamassu\",\"isPartOf\":{\"@id\":\"https:\\\/\\\/lamassu.mx\\\/#website\"},\"primaryImageOfPage\":{\"@id\":\"https:\\\/\\\/lamassu.mx\\\/producto-interno-bruto-pib-en-mexico-2022-y-para-2023\\\/#primaryimage\"},\"image\":{\"@id\":\"https:\\\/\\\/lamassu.mx\\\/producto-interno-bruto-pib-en-mexico-2022-y-para-2023\\\/#primaryimage\"},\"thumbnailUrl\":\"https:\\\/\\\/lamassu.mx\\\/wp-content\\\/uploads\\\/2023\\\/02\\\/lamassu-8937759.jpg\",\"datePublished\":\"2023-02-08T23:16:17+00:00\",\"dateModified\":\"2026-04-18T19:07:18+00:00\",\"author\":{\"@id\":\"https:\\\/\\\/lamassu.mx\\\/#\\\/schema\\\/person\\\/7d865ea0e72f2244b22bf8265fb74f14\"},\"breadcrumb\":{\"@id\":\"https:\\\/\\\/lamassu.mx\\\/producto-interno-bruto-pib-en-mexico-2022-y-para-2023\\\/#breadcrumb\"},\"inLanguage\":\"en-US\",\"potentialAction\":[{\"@type\":\"ReadAction\",\"target\":[\"https:\\\/\\\/lamassu.mx\\\/producto-interno-bruto-pib-en-mexico-2022-y-para-2023\\\/\"]}]},{\"@type\":\"ImageObject\",\"inLanguage\":\"en-US\",\"@id\":\"https:\\\/\\\/lamassu.mx\\\/producto-interno-bruto-pib-en-mexico-2022-y-para-2023\\\/#primaryimage\",\"url\":\"https:\\\/\\\/lamassu.mx\\\/wp-content\\\/uploads\\\/2023\\\/02\\\/lamassu-8937759.jpg\",\"contentUrl\":\"https:\\\/\\\/lamassu.mx\\\/wp-content\\\/uploads\\\/2023\\\/02\\\/lamassu-8937759.jpg\",\"width\":800,\"height\":560},{\"@type\":\"BreadcrumbList\",\"@id\":\"https:\\\/\\\/lamassu.mx\\\/producto-interno-bruto-pib-en-mexico-2022-y-para-2023\\\/#breadcrumb\",\"itemListElement\":[{\"@type\":\"ListItem\",\"position\":1,\"name\":\"Inicio\",\"item\":\"https:\\\/\\\/lamassu.mx\\\/\"},{\"@type\":\"ListItem\",\"position\":2,\"name\":\"Producto Interno Bruto (PIB) en M\u00e9xico 2022, y para 2023?\"}]},{\"@type\":\"WebSite\",\"@id\":\"https:\\\/\\\/lamassu.mx\\\/#website\",\"url\":\"https:\\\/\\\/lamassu.mx\\\/\",\"name\":\"Lamassu\",\"description\":\"Abogados y Contadores\",\"potentialAction\":[{\"@type\":\"SearchAction\",\"target\":{\"@type\":\"EntryPoint\",\"urlTemplate\":\"https:\\\/\\\/lamassu.mx\\\/?s={search_term_string}\"},\"query-input\":{\"@type\":\"PropertyValueSpecification\",\"valueRequired\":true,\"valueName\":\"search_term_string\"}}],\"inLanguage\":\"en-US\"},{\"@type\":\"Person\",\"@id\":\"https:\\\/\\\/lamassu.mx\\\/#\\\/schema\\\/person\\\/7d865ea0e72f2244b22bf8265fb74f14\",\"name\":\"Jorge Guzman\",\"image\":{\"@type\":\"ImageObject\",\"inLanguage\":\"en-US\",\"@id\":\"https:\\\/\\\/secure.gravatar.com\\\/avatar\\\/32ef2f405f51802cdba77ddb537fa4b481625a7c3a13f3043865525a7e0b150b?s=96&d=mm&r=g\",\"url\":\"https:\\\/\\\/secure.gravatar.com\\\/avatar\\\/32ef2f405f51802cdba77ddb537fa4b481625a7c3a13f3043865525a7e0b150b?s=96&d=mm&r=g\",\"contentUrl\":\"https:\\\/\\\/secure.gravatar.com\\\/avatar\\\/32ef2f405f51802cdba77ddb537fa4b481625a7c3a13f3043865525a7e0b150b?s=96&d=mm&r=g\",\"caption\":\"Jorge Guzman\"},\"url\":\"https:\\\/\\\/lamassu.mx\\\/en\\\/author\\\/jorgeguzman\\\/\"}]}<\/script>\n<!-- \/ Yoast SEO plugin. -->","yoast_head_json":{"title":"Producto Interno Bruto (PIB) en M\u00e9xico 2022, y para 2023? - Lamassu","robots":{"index":"index","follow":"follow","max-snippet":"max-snippet:-1","max-image-preview":"max-image-preview:large","max-video-preview":"max-video-preview:-1"},"canonical":"https:\/\/lamassu.mx\/en\/producto-interno-bruto-pib-en-mexico-2022-y-para-2023\/","og_locale":"en_US","og_type":"article","og_title":"Producto Interno Bruto (PIB) en M\u00e9xico 2022, y para 2023? - Lamassu","og_description":"Como es habitual a inicios de un a\u00f1o nuevo en M\u00e9xico al igual que en muchos otros pa\u00edses, se da a conocer el crecimiento de la econom\u00eda, se hace\u00a0 a trav\u00e9s del c\u00e1lculo del Producto Interno Bruto, PIB.\u00a0 De acuerdo con las cifras del Instituto Nacional de Estad\u00edstica y Geograf\u00eda (INEGI) al cierre de 2022 [&hellip;]","og_url":"https:\/\/lamassu.mx\/en\/producto-interno-bruto-pib-en-mexico-2022-y-para-2023\/","og_site_name":"Lamassu","article_published_time":"2023-02-08T23:16:17+00:00","article_modified_time":"2026-04-18T19:07:18+00:00","og_image":[{"width":800,"height":560,"url":"https:\/\/lamassu.mx\/wp-content\/uploads\/2023\/02\/lamassu-8937759.jpg","type":"image\/jpeg"}],"author":"Jorge Guzman","twitter_card":"summary_large_image","twitter_misc":{"Written by":"Jorge Guzman","Est. reading time":"4 minutes"},"schema":{"@context":"https:\/\/schema.org","@graph":[{"@type":"Article","@id":"https:\/\/lamassu.mx\/producto-interno-bruto-pib-en-mexico-2022-y-para-2023\/#article","isPartOf":{"@id":"https:\/\/lamassu.mx\/producto-interno-bruto-pib-en-mexico-2022-y-para-2023\/"},"author":{"name":"Jorge Guzman","@id":"https:\/\/lamassu.mx\/#\/schema\/person\/7d865ea0e72f2244b22bf8265fb74f14"},"headline":"Producto Interno Bruto (PIB) en M\u00e9xico 2022, y para 2023?","datePublished":"2023-02-08T23:16:17+00:00","dateModified":"2026-04-18T19:07:18+00:00","mainEntityOfPage":{"@id":"https:\/\/lamassu.mx\/producto-interno-bruto-pib-en-mexico-2022-y-para-2023\/"},"wordCount":891,"commentCount":0,"image":{"@id":"https:\/\/lamassu.mx\/producto-interno-bruto-pib-en-mexico-2022-y-para-2023\/#primaryimage"},"thumbnailUrl":"https:\/\/lamassu.mx\/wp-content\/uploads\/2023\/02\/lamassu-8937759.jpg","articleSection":["Blog"],"inLanguage":"en-US","potentialAction":[{"@type":"CommentAction","name":"Comment","target":["https:\/\/lamassu.mx\/producto-interno-bruto-pib-en-mexico-2022-y-para-2023\/#respond"]}]},{"@type":"WebPage","@id":"https:\/\/lamassu.mx\/producto-interno-bruto-pib-en-mexico-2022-y-para-2023\/","url":"https:\/\/lamassu.mx\/producto-interno-bruto-pib-en-mexico-2022-y-para-2023\/","name":"Producto Interno Bruto (PIB) en M\u00e9xico 2022, y para 2023? - Lamassu","isPartOf":{"@id":"https:\/\/lamassu.mx\/#website"},"primaryImageOfPage":{"@id":"https:\/\/lamassu.mx\/producto-interno-bruto-pib-en-mexico-2022-y-para-2023\/#primaryimage"},"image":{"@id":"https:\/\/lamassu.mx\/producto-interno-bruto-pib-en-mexico-2022-y-para-2023\/#primaryimage"},"thumbnailUrl":"https:\/\/lamassu.mx\/wp-content\/uploads\/2023\/02\/lamassu-8937759.jpg","datePublished":"2023-02-08T23:16:17+00:00","dateModified":"2026-04-18T19:07:18+00:00","author":{"@id":"https:\/\/lamassu.mx\/#\/schema\/person\/7d865ea0e72f2244b22bf8265fb74f14"},"breadcrumb":{"@id":"https:\/\/lamassu.mx\/producto-interno-bruto-pib-en-mexico-2022-y-para-2023\/#breadcrumb"},"inLanguage":"en-US","potentialAction":[{"@type":"ReadAction","target":["https:\/\/lamassu.mx\/producto-interno-bruto-pib-en-mexico-2022-y-para-2023\/"]}]},{"@type":"ImageObject","inLanguage":"en-US","@id":"https:\/\/lamassu.mx\/producto-interno-bruto-pib-en-mexico-2022-y-para-2023\/#primaryimage","url":"https:\/\/lamassu.mx\/wp-content\/uploads\/2023\/02\/lamassu-8937759.jpg","contentUrl":"https:\/\/lamassu.mx\/wp-content\/uploads\/2023\/02\/lamassu-8937759.jpg","width":800,"height":560},{"@type":"BreadcrumbList","@id":"https:\/\/lamassu.mx\/producto-interno-bruto-pib-en-mexico-2022-y-para-2023\/#breadcrumb","itemListElement":[{"@type":"ListItem","position":1,"name":"Inicio","item":"https:\/\/lamassu.mx\/"},{"@type":"ListItem","position":2,"name":"Producto Interno Bruto (PIB) en M\u00e9xico 2022, y para 2023?"}]},{"@type":"WebSite","@id":"https:\/\/lamassu.mx\/#website","url":"https:\/\/lamassu.mx\/","name":"Lamassu","description":"Abogados y Contadores","potentialAction":[{"@type":"SearchAction","target":{"@type":"EntryPoint","urlTemplate":"https:\/\/lamassu.mx\/?s={search_term_string}"},"query-input":{"@type":"PropertyValueSpecification","valueRequired":true,"valueName":"search_term_string"}}],"inLanguage":"en-US"},{"@type":"Person","@id":"https:\/\/lamassu.mx\/#\/schema\/person\/7d865ea0e72f2244b22bf8265fb74f14","name":"Jorge Guzman","image":{"@type":"ImageObject","inLanguage":"en-US","@id":"https:\/\/secure.gravatar.com\/avatar\/32ef2f405f51802cdba77ddb537fa4b481625a7c3a13f3043865525a7e0b150b?s=96&d=mm&r=g","url":"https:\/\/secure.gravatar.com\/avatar\/32ef2f405f51802cdba77ddb537fa4b481625a7c3a13f3043865525a7e0b150b?s=96&d=mm&r=g","contentUrl":"https:\/\/secure.gravatar.com\/avatar\/32ef2f405f51802cdba77ddb537fa4b481625a7c3a13f3043865525a7e0b150b?s=96&d=mm&r=g","caption":"Jorge Guzman"},"url":"https:\/\/lamassu.mx\/en\/author\/jorgeguzman\/"}]}},"_links":{"self":[{"href":"https:\/\/lamassu.mx\/en\/wp-json\/wp\/v2\/posts\/7993","targetHints":{"allow":["GET"]}}],"collection":[{"href":"https:\/\/lamassu.mx\/en\/wp-json\/wp\/v2\/posts"}],"about":[{"href":"https:\/\/lamassu.mx\/en\/wp-json\/wp\/v2\/types\/post"}],"author":[{"embeddable":true,"href":"https:\/\/lamassu.mx\/en\/wp-json\/wp\/v2\/users\/2"}],"replies":[{"embeddable":true,"href":"https:\/\/lamassu.mx\/en\/wp-json\/wp\/v2\/comments?post=7993"}],"version-history":[{"count":4,"href":"https:\/\/lamassu.mx\/en\/wp-json\/wp\/v2\/posts\/7993\/revisions"}],"predecessor-version":[{"id":11692,"href":"https:\/\/lamassu.mx\/en\/wp-json\/wp\/v2\/posts\/7993\/revisions\/11692"}],"wp:featuredmedia":[{"embeddable":true,"href":"https:\/\/lamassu.mx\/en\/wp-json\/wp\/v2\/media\/11690"}],"wp:attachment":[{"href":"https:\/\/lamassu.mx\/en\/wp-json\/wp\/v2\/media?parent=7993"}],"wp:term":[{"taxonomy":"category","embeddable":true,"href":"https:\/\/lamassu.mx\/en\/wp-json\/wp\/v2\/categories?post=7993"},{"taxonomy":"post_tag","embeddable":true,"href":"https:\/\/lamassu.mx\/en\/wp-json\/wp\/v2\/tags?post=7993"}],"curies":[{"name":"wp","href":"https:\/\/api.w.org\/{rel}","templated":true}]}}